{"id":4852,"date":"2020-02-18T10:00:55","date_gmt":"2020-02-18T10:00:55","guid":{"rendered":"https:\/\/www.sanfelipe.eus\/noticias\/ezohiko-batzar-nagusian-hartu-ziren-erabakiak\/"},"modified":"2020-02-18T10:04:17","modified_gmt":"2020-02-18T10:04:17","slug":"acuerdos-tomados-en-la-asamblea-general-extraordinaria","status":"publish","type":"post","link":"https:\/\/www.sanfelipe.eus\/es\/noticias\/acuerdos-tomados-en-la-asamblea-general-extraordinaria\/","title":{"rendered":"ACUERDOS TOMADOS EN LA ASAMBLEA GENERAL EXTRAORDINARIA"},"content":{"rendered":"\n<p>El pasado domingo 16 de febrero, a las 12:00 horas tuvo lugar en Kulturate, La Asamblea General Extraordinaria de San Felipe Elkarlaguntza con la asistencia de unos 100 socios y socias.<\/p>\n\n\n\n<p>Tras la explicaci\u00f3n de las propuestas planteadas y de la votaci\u00f3n correspondiente, se aprobaron:<\/p>\n\n\n\n<ul><li>La modificaci\u00f3n de los Estatutos Sociales de San Felipe Elkarlaguntzako Elkartea.<\/li><li>Acuerdo para la transformaci\u00f3n de San Felipe Elkarlaguntzaren Elkartea en Entidad sin actividad aseguradora y solicitud en el correspondiente registro del Gobierno Vasco.<\/li><\/ul>\n\n\n\n<figure class=\"wp-block-image size-large\"><img loading=\"lazy\" width=\"1024\" height=\"576\" src=\"https:\/\/www.sanfelipe.eus\/wp-content\/uploads\/2020\/02\/Irudia7-1024x576.jpg\" alt=\"\" class=\"wp-image-4849\" srcset=\"https:\/\/www.sanfelipe.eus\/wp-content\/uploads\/2020\/02\/Irudia7-1024x576.jpg 1024w, https:\/\/www.sanfelipe.eus\/wp-content\/uploads\/2020\/02\/Irudia7-300x169.jpg 300w, https:\/\/www.sanfelipe.eus\/wp-content\/uploads\/2020\/02\/Irudia7-768x432.jpg 768w, https:\/\/www.sanfelipe.eus\/wp-content\/uploads\/2020\/02\/Irudia7-1536x864.jpg 1536w, https:\/\/www.sanfelipe.eus\/wp-content\/uploads\/2020\/02\/Irudia7-2048x1152.jpg 2048w\" sizes=\"(max-width: 1024px) 100vw, 1024px\" \/><\/figure>\n","protected":false},"excerpt":{"rendered":"<p>El pasado domingo 16 de febrero, a las 12:00 horas tuvo lugar en Kulturate, La Asamblea General Extraordinaria de San Felipe Elkarlaguntza con la asistencia de unos 100 socios y socias. Tras la explicaci\u00f3n de las propuestas planteadas y de la votaci\u00f3n correspondiente, se aprobaron: La modificaci\u00f3n de los Estatutos Sociales de San Felipe Elkarlaguntzako [&hellip;]<\/p>\n","protected":false},"author":2,"featured_media":0,"comment_status":"open","ping_status":"open","sticky":false,"template":"","format":"standard","meta":[],"categories":[9],"tags":[],"yoast_head":"<!-- This site is optimized with the Yoast SEO plugin v16.1.1 - https:\/\/yoast.com\/wordpress\/plugins\/seo\/ -->\n<link rel=\"canonical\" href=\"https:\/\/www.sanfelipe.eus\/eu\/albisteak\/ezohiko-batzar-nagusian-hartutako-erabakiak\/\" \/>\n<meta property=\"og:locale\" content=\"es_ES\" \/>\n<meta property=\"og:type\" content=\"article\" \/>\n<meta property=\"og:title\" content=\"ACUERDOS TOMADOS EN LA ASAMBLEA GENERAL EXTRAORDINARIA - San Felipe Apostol\" \/>\n<meta property=\"og:description\" content=\"El pasado domingo 16 de febrero, a las 12:00 horas tuvo lugar en Kulturate, La Asamblea General Extraordinaria de San Felipe Elkarlaguntza con la asistencia de unos 100 socios y socias. Tras la explicaci\u00f3n de las propuestas planteadas y de la votaci\u00f3n correspondiente, se aprobaron: La modificaci\u00f3n de los Estatutos Sociales de San Felipe Elkarlaguntzako [&hellip;]\" \/>\n<meta property=\"og:url\" content=\"https:\/\/www.sanfelipe.eus\/eu\/albisteak\/ezohiko-batzar-nagusian-hartutako-erabakiak\/\" \/>\n<meta property=\"og:site_name\" content=\"San Felipe Apostol\" \/>\n<meta property=\"article:published_time\" content=\"2020-02-18T10:00:55+00:00\" \/>\n<meta property=\"article:modified_time\" content=\"2020-02-18T10:04:17+00:00\" \/>\n<meta property=\"og:image\" content=\"https:\/\/www.sanfelipe.eus\/wp-content\/uploads\/2020\/02\/Irudia7-1024x576.jpg\" \/>\n<meta name=\"twitter:card\" content=\"summary_large_image\" \/>\n<script type=\"application\/ld+json\" class=\"yoast-schema-graph\">{\"@context\":\"https:\/\/schema.org\",\"@graph\":[{\"@type\":\"WebSite\",\"@id\":\"https:\/\/www.sanfelipe.eus\/eu\/#website\",\"url\":\"https:\/\/www.sanfelipe.eus\/eu\/\",\"name\":\"San Felipe Apostol\",\"description\":\"Otro sitio realizado con WordPress\",\"potentialAction\":[{\"@type\":\"SearchAction\",\"target\":\"https:\/\/www.sanfelipe.eus\/eu\/?s={search_term_string}\",\"query-input\":\"required name=search_term_string\"}],\"inLanguage\":\"es\"},{\"@type\":\"ImageObject\",\"@id\":\"https:\/\/www.sanfelipe.eus\/eu\/albisteak\/ezohiko-batzar-nagusian-hartutako-erabakiak\/#primaryimage\",\"inLanguage\":\"es\",\"url\":\"https:\/\/www.sanfelipe.eus\/wp-content\/uploads\/2020\/02\/Irudia7.jpg\",\"contentUrl\":\"https:\/\/www.sanfelipe.eus\/wp-content\/uploads\/2020\/02\/Irudia7.jpg\",\"width\":2560,\"height\":1440},{\"@type\":\"WebPage\",\"@id\":\"https:\/\/www.sanfelipe.eus\/eu\/albisteak\/ezohiko-batzar-nagusian-hartutako-erabakiak\/#webpage\",\"url\":\"https:\/\/www.sanfelipe.eus\/eu\/albisteak\/ezohiko-batzar-nagusian-hartutako-erabakiak\/\",\"name\":\"ACUERDOS TOMADOS EN LA ASAMBLEA GENERAL EXTRAORDINARIA - San Felipe Apostol\",\"isPartOf\":{\"@id\":\"https:\/\/www.sanfelipe.eus\/eu\/#website\"},\"primaryImageOfPage\":{\"@id\":\"https:\/\/www.sanfelipe.eus\/eu\/albisteak\/ezohiko-batzar-nagusian-hartutako-erabakiak\/#primaryimage\"},\"datePublished\":\"2020-02-18T10:00:55+00:00\",\"dateModified\":\"2020-02-18T10:04:17+00:00\",\"author\":{\"@id\":\"https:\/\/www.sanfelipe.eus\/eu\/#\/schema\/person\/bf572a9cfcff6d8fdb89490c2d0bbae9\"},\"breadcrumb\":{\"@id\":\"https:\/\/www.sanfelipe.eus\/eu\/albisteak\/ezohiko-batzar-nagusian-hartutako-erabakiak\/#breadcrumb\"},\"inLanguage\":\"es\",\"potentialAction\":[{\"@type\":\"ReadAction\",\"target\":[\"https:\/\/www.sanfelipe.eus\/eu\/albisteak\/ezohiko-batzar-nagusian-hartutako-erabakiak\/\"]}]},{\"@type\":\"BreadcrumbList\",\"@id\":\"https:\/\/www.sanfelipe.eus\/eu\/albisteak\/ezohiko-batzar-nagusian-hartutako-erabakiak\/#breadcrumb\",\"itemListElement\":[{\"@type\":\"ListItem\",\"position\":1,\"item\":{\"@type\":\"WebPage\",\"@id\":\"https:\/\/www.sanfelipe.eus\/es\/\",\"url\":\"https:\/\/www.sanfelipe.eus\/es\/\",\"name\":\"Home\"}},{\"@type\":\"ListItem\",\"position\":2,\"item\":{\"@type\":\"WebPage\",\"@id\":\"https:\/\/www.sanfelipe.eus\/eu\/albisteak\/ezohiko-batzar-nagusian-hartutako-erabakiak\/\",\"url\":\"https:\/\/www.sanfelipe.eus\/eu\/albisteak\/ezohiko-batzar-nagusian-hartutako-erabakiak\/\",\"name\":\"ACUERDOS TOMADOS EN LA ASAMBLEA GENERAL EXTRAORDINARIA\"}}]},{\"@type\":\"Person\",\"@id\":\"https:\/\/www.sanfelipe.eus\/eu\/#\/schema\/person\/bf572a9cfcff6d8fdb89490c2d0bbae9\",\"name\":\"goi\",\"image\":{\"@type\":\"ImageObject\",\"@id\":\"https:\/\/www.sanfelipe.eus\/eu\/#personlogo\",\"inLanguage\":\"es\",\"url\":\"https:\/\/secure.gravatar.com\/avatar\/6f7c59dd87647c889dd54548d6de474a?s=96&d=mm&r=g\",\"contentUrl\":\"https:\/\/secure.gravatar.com\/avatar\/6f7c59dd87647c889dd54548d6de474a?s=96&d=mm&r=g\",\"caption\":\"goi\"}}]}<\/script>\n<!-- \/ Yoast SEO plugin. -->","_links":{"self":[{"href":"https:\/\/www.sanfelipe.eus\/es\/wp-json\/wp\/v2\/posts\/4852"}],"collection":[{"href":"https:\/\/www.sanfelipe.eus\/es\/wp-json\/wp\/v2\/posts"}],"about":[{"href":"https:\/\/www.sanfelipe.eus\/es\/wp-json\/wp\/v2\/types\/post"}],"author":[{"embeddable":true,"href":"https:\/\/www.sanfelipe.eus\/es\/wp-json\/wp\/v2\/users\/2"}],"replies":[{"embeddable":true,"href":"https:\/\/www.sanfelipe.eus\/es\/wp-json\/wp\/v2\/comments?post=4852"}],"version-history":[{"count":1,"href":"https:\/\/www.sanfelipe.eus\/es\/wp-json\/wp\/v2\/posts\/4852\/revisions"}],"predecessor-version":[{"id":4853,"href":"https:\/\/www.sanfelipe.eus\/es\/wp-json\/wp\/v2\/posts\/4852\/revisions\/4853"}],"wp:attachment":[{"href":"https:\/\/www.sanfelipe.eus\/es\/wp-json\/wp\/v2\/media?parent=4852"}],"wp:term":[{"taxonomy":"category","embeddable":true,"href":"https:\/\/www.sanfelipe.eus\/es\/wp-json\/wp\/v2\/categories?post=4852"},{"taxonomy":"post_tag","embeddable":true,"href":"https:\/\/www.sanfelipe.eus\/es\/wp-json\/wp\/v2\/tags?post=4852"}],"curies":[{"name":"wp","href":"https:\/\/api.w.org\/{rel}","templated":true}]}}